{"id":3495,"date":"2024-04-02T12:11:41","date_gmt":"2024-04-02T10:11:41","guid":{"rendered":"http:\/\/alvh.asso.fr\/wordpress\/?p=3495"},"modified":"2024-04-02T12:11:41","modified_gmt":"2024-04-02T10:11:41","slug":"championnat-de-france-kata","status":"publish","type":"post","link":"http:\/\/alvh.asso.fr\/wordpress\/2024\/04\/02\/championnat-de-france-kata\/","title":{"rendered":"Championnat de France kata"},"content":{"rendered":"\n<p>Le Week -end du 30 et 31 mars 2024 a eu lieu \u00e0 Lilles les Championnats de Frances kata.<\/p>\n\n\n\n<p>Charles termine 5\u00e9me du Championnat en minime. Une superbe performance.<\/p>\n\n\n\n<p>1<sup>er<\/sup> lorrain de la comp\u00e9tition. Maintenant dans les grands rendez-vous il faudra compter sur la section karat\u00e9 jeune de l\u2019A.L.V.H.<\/p>\n\n\n\n<p>Sans oublier son coach Matt\u00e9o qui l\u2019accompagne dans tous ses d\u00e9placements.<\/p>\n\n\n<div class=\"wp-block-image\">\n<figure class=\"aligncenter size-large\"><a href=\"http:\/\/alvh.asso.fr\/wordpress\/wp-content\/uploads\/2024\/04\/1125fab6-03b1-4607-be35-4ffbe1b37546.jpg\"><img loading=\"lazy\" decoding=\"async\" width=\"576\" height=\"1024\" src=\"http:\/\/alvh.asso.fr\/wordpress\/wp-content\/uploads\/2024\/04\/1125fab6-03b1-4607-be35-4ffbe1b37546-576x1024.jpg\" alt=\"\" class=\"wp-image-3497\" srcset=\"http:\/\/alvh.asso.fr\/wordpress\/wp-content\/uploads\/2024\/04\/1125fab6-03b1-4607-be35-4ffbe1b37546-576x1024.jpg 576w, http:\/\/alvh.asso.fr\/wordpress\/wp-content\/uploads\/2024\/04\/1125fab6-03b1-4607-be35-4ffbe1b37546-169x300.jpg 169w, http:\/\/alvh.asso.fr\/wordpress\/wp-content\/uploads\/2024\/04\/1125fab6-03b1-4607-be35-4ffbe1b37546-768x1365.jpg 768w, http:\/\/alvh.asso.fr\/wordpress\/wp-content\/uploads\/2024\/04\/1125fab6-03b1-4607-be35-4ffbe1b37546-864x1536.jpg 864w, http:\/\/alvh.asso.fr\/wordpress\/wp-content\/uploads\/2024\/04\/1125fab6-03b1-4607-be35-4ffbe1b37546-84x150.jpg 84w, http:\/\/alvh.asso.fr\/wordpress\/wp-content\/uploads\/2024\/04\/1125fab6-03b1-4607-be35-4ffbe1b37546.jpg 1152w\" sizes=\"auto, (max-width: 576px) 100vw, 576px\" \/><\/a><\/figure>\n<\/div>","protected":false},"excerpt":{"rendered":"<p>Le Week -end du 30 et 31 mars 2024 a eu lieu \u00e0 Lilles les Championnats de Frances kata. Charles termine 5\u00e9me du Championnat en minime. Une superbe performance. 1er lorrain de la comp\u00e9tition. Maintenant dans les grands rendez-vous il faudra compter sur la section karat\u00e9 jeune de l\u2019A.L.V.H. Sans\u2026<\/p>\n<p class=\"continue-reading-button\"> <a class=\"continue-reading-link\" href=\"http:\/\/alvh.asso.fr\/wordpress\/2024\/04\/02\/championnat-de-france-kata\/\">Lire l&rsquo;article<i class=\"crycon-right-dir\"><\/i><\/a><\/p>\n","protected":false},"author":5,"featured_media":0,"comment_status":"closed","ping_status":"closed","sticky":false,"template":"","format":"standard","meta":{"footnotes":""},"categories":[3],"tags":[],"class_list":["post-3495","post","type-post","status-publish","format-standard","hentry","category-infos-generales"],"_links":{"self":[{"href":"http:\/\/alvh.asso.fr\/wordpress\/wp-json\/wp\/v2\/posts\/3495","targetHints":{"allow":["GET"]}}],"collection":[{"href":"http:\/\/alvh.asso.fr\/wordpress\/wp-json\/wp\/v2\/posts"}],"about":[{"href":"http:\/\/alvh.asso.fr\/wordpress\/wp-json\/wp\/v2\/types\/post"}],"author":[{"embeddable":true,"href":"http:\/\/alvh.asso.fr\/wordpress\/wp-json\/wp\/v2\/users\/5"}],"replies":[{"embeddable":true,"href":"http:\/\/alvh.asso.fr\/wordpress\/wp-json\/wp\/v2\/comments?post=3495"}],"version-history":[{"count":2,"href":"http:\/\/alvh.asso.fr\/wordpress\/wp-json\/wp\/v2\/posts\/3495\/revisions"}],"predecessor-version":[{"id":3498,"href":"http:\/\/alvh.asso.fr\/wordpress\/wp-json\/wp\/v2\/posts\/3495\/revisions\/3498"}],"wp:attachment":[{"href":"http:\/\/alvh.asso.fr\/wordpress\/wp-json\/wp\/v2\/media?parent=3495"}],"wp:term":[{"taxonomy":"category","embeddable":true,"href":"http:\/\/alvh.asso.fr\/wordpress\/wp-json\/wp\/v2\/categories?post=3495"},{"taxonomy":"post_tag","embeddable":true,"href":"http:\/\/alvh.asso.fr\/wordpress\/wp-json\/wp\/v2\/tags?post=3495"}],"curies":[{"name":"wp","href":"https:\/\/api.w.org\/{rel}","templated":true}]}}