{"id":3195,"date":"2024-01-15T16:34:25","date_gmt":"2024-01-15T15:34:25","guid":{"rendered":"http:\/\/alvh.asso.fr\/wordpress\/?p=3195"},"modified":"2024-03-28T12:29:46","modified_gmt":"2024-03-28T11:29:46","slug":"championnat-grand-est-karate-kata-14-janvier-2024","status":"publish","type":"post","link":"https:\/\/alvh.asso.fr\/wordpress\/2024\/01\/15\/championnat-grand-est-karate-kata-14-janvier-2024\/","title":{"rendered":"Championnat Grand Est karate kata 14 janvier 2024"},"content":{"rendered":"\n<figure class=\"wp-block-gallery has-nested-images columns-default is-cropped wp-block-gallery-1 is-layout-flex wp-block-gallery-is-layout-flex\">\n<figure class=\"wp-block-image size-large\"><a href=\"http:\/\/alvh.asso.fr\/wordpress\/wp-content\/uploads\/2024\/01\/IMG_3087.jpg\"><img loading=\"lazy\" decoding=\"async\" width=\"342\" height=\"279\" data-id=\"3200\" src=\"http:\/\/alvh.asso.fr\/wordpress\/wp-content\/uploads\/2024\/01\/IMG_3087.jpg\" alt=\"\" class=\"wp-image-3200\" srcset=\"https:\/\/alvh.asso.fr\/wordpress\/wp-content\/uploads\/2024\/01\/IMG_3087.jpg 342w, https:\/\/alvh.asso.fr\/wordpress\/wp-content\/uploads\/2024\/01\/IMG_3087-300x245.jpg 300w, https:\/\/alvh.asso.fr\/wordpress\/wp-content\/uploads\/2024\/01\/IMG_3087-150x122.jpg 150w\" sizes=\"auto, (max-width: 342px) 100vw, 342px\" \/><\/a><\/figure>\n\n\n\n<figure class=\"wp-block-image size-large\"><a href=\"http:\/\/alvh.asso.fr\/wordpress\/wp-content\/uploads\/2024\/01\/IMG_3084-scaled.jpg\"><img loading=\"lazy\" decoding=\"async\" width=\"1024\" height=\"768\" data-id=\"3199\" src=\"http:\/\/alvh.asso.fr\/wordpress\/wp-content\/uploads\/2024\/01\/IMG_3084-1024x768.jpg\" alt=\"\" class=\"wp-image-3199\" srcset=\"https:\/\/alvh.asso.fr\/wordpress\/wp-content\/uploads\/2024\/01\/IMG_3084-1024x768.jpg 1024w, https:\/\/alvh.asso.fr\/wordpress\/wp-content\/uploads\/2024\/01\/IMG_3084-300x225.jpg 300w, https:\/\/alvh.asso.fr\/wordpress\/wp-content\/uploads\/2024\/01\/IMG_3084-768x576.jpg 768w, https:\/\/alvh.asso.fr\/wordpress\/wp-content\/uploads\/2024\/01\/IMG_3084-1536x1152.jpg 1536w, https:\/\/alvh.asso.fr\/wordpress\/wp-content\/uploads\/2024\/01\/IMG_3084-2048x1536.jpg 2048w, https:\/\/alvh.asso.fr\/wordpress\/wp-content\/uploads\/2024\/01\/IMG_3084-150x113.jpg 150w\" sizes=\"auto, (max-width: 1024px) 100vw, 1024px\" \/><\/a><\/figure>\n\n\n\n<figure class=\"wp-block-image size-large\"><a href=\"http:\/\/alvh.asso.fr\/wordpress\/wp-content\/uploads\/2024\/01\/IMG_3086-scaled.jpg\"><img loading=\"lazy\" decoding=\"async\" width=\"1000\" height=\"1024\" data-id=\"3198\" src=\"http:\/\/alvh.asso.fr\/wordpress\/wp-content\/uploads\/2024\/01\/IMG_3086-1000x1024.jpg\" alt=\"\" class=\"wp-image-3198\" srcset=\"https:\/\/alvh.asso.fr\/wordpress\/wp-content\/uploads\/2024\/01\/IMG_3086-1000x1024.jpg 1000w, https:\/\/alvh.asso.fr\/wordpress\/wp-content\/uploads\/2024\/01\/IMG_3086-293x300.jpg 293w, https:\/\/alvh.asso.fr\/wordpress\/wp-content\/uploads\/2024\/01\/IMG_3086-768x786.jpg 768w, https:\/\/alvh.asso.fr\/wordpress\/wp-content\/uploads\/2024\/01\/IMG_3086-1501x1536.jpg 1501w, https:\/\/alvh.asso.fr\/wordpress\/wp-content\/uploads\/2024\/01\/IMG_3086-2001x2048.jpg 2001w, https:\/\/alvh.asso.fr\/wordpress\/wp-content\/uploads\/2024\/01\/IMG_3086-147x150.jpg 147w\" sizes=\"auto, (max-width: 1000px) 100vw, 1000px\" \/><\/a><\/figure>\n<\/figure>\n\n\n\n<p>Deux jeunes de la section karat\u00e9 enfants sont qualifi\u00e9s pour les championnats de France kata<\/p>\n\n\n\n<p>Oussama dans la cat\u00e9gorie benjamins<\/p>\n\n\n\n<p>Charles dans les cat\u00e9gories minimes et cadets sur classement <\/p>\n\n\n\n<p>Sans oublier leur coach Matt\u00e9o <\/p>\n\n\n\n<p>Rendez pour les championnats Grand Est kumit\u00e9  le week-end du 17 et 18 f\u00e9vrier 2024 \u00e0 Pont \u00e0 Mousson <\/p>\n","protected":false},"excerpt":{"rendered":"<p>Deux jeunes de la section karat\u00e9 enfants sont qualifi\u00e9s pour les championnats de France kata Oussama dans la cat\u00e9gorie benjamins Charles dans les cat\u00e9gories minimes et cadets sur classement Sans oublier leur coach Matt\u00e9o Rendez pour les championnats Grand Est kumit\u00e9 le week-end du 17 et 18 f\u00e9vrier 2024 \u00e0\u2026<\/p>\n<p class=\"continue-reading-button\"> <a class=\"continue-reading-link\" href=\"https:\/\/alvh.asso.fr\/wordpress\/2024\/01\/15\/championnat-grand-est-karate-kata-14-janvier-2024\/\">Lire l&rsquo;article<i class=\"crycon-right-dir\"><\/i><\/a><\/p>\n","protected":false},"author":5,"featured_media":0,"comment_status":"closed","ping_status":"closed","sticky":false,"template":"","format":"standard","meta":{"footnotes":""},"categories":[3],"tags":[],"class_list":["post-3195","post","type-post","status-publish","format-standard","hentry","category-infos-generales"],"_links":{"self":[{"href":"https:\/\/alvh.asso.fr\/wordpress\/wp-json\/wp\/v2\/posts\/3195","targetHints":{"allow":["GET"]}}],"collection":[{"href":"https:\/\/alvh.asso.fr\/wordpress\/wp-json\/wp\/v2\/posts"}],"about":[{"href":"https:\/\/alvh.asso.fr\/wordpress\/wp-json\/wp\/v2\/types\/post"}],"author":[{"embeddable":true,"href":"https:\/\/alvh.asso.fr\/wordpress\/wp-json\/wp\/v2\/users\/5"}],"replies":[{"embeddable":true,"href":"https:\/\/alvh.asso.fr\/wordpress\/wp-json\/wp\/v2\/comments?post=3195"}],"version-history":[{"count":3,"href":"https:\/\/alvh.asso.fr\/wordpress\/wp-json\/wp\/v2\/posts\/3195\/revisions"}],"predecessor-version":[{"id":3466,"href":"https:\/\/alvh.asso.fr\/wordpress\/wp-json\/wp\/v2\/posts\/3195\/revisions\/3466"}],"wp:attachment":[{"href":"https:\/\/alvh.asso.fr\/wordpress\/wp-json\/wp\/v2\/media?parent=3195"}],"wp:term":[{"taxonomy":"category","embeddable":true,"href":"https:\/\/alvh.asso.fr\/wordpress\/wp-json\/wp\/v2\/categories?post=3195"},{"taxonomy":"post_tag","embeddable":true,"href":"https:\/\/alvh.asso.fr\/wordpress\/wp-json\/wp\/v2\/tags?post=3195"}],"curies":[{"name":"wp","href":"https:\/\/api.w.org\/{rel}","templated":true}]}}