{"id":3595,"date":"2024-05-23T10:40:33","date_gmt":"2024-05-23T08:40:33","guid":{"rendered":"http:\/\/alvh.asso.fr\/wordpress\/?p=3595"},"modified":"2024-05-23T10:40:33","modified_gmt":"2024-05-23T08:40:33","slug":"coupe-de-france-2023-2024-karate","status":"publish","type":"post","link":"https:\/\/alvh.asso.fr\/wordpress\/2024\/05\/23\/coupe-de-france-2023-2024-karate\/","title":{"rendered":"Coupe de France 2023-2024 karat\u00e9"},"content":{"rendered":"\n<p>ABDALLAH DOUAIR<\/p>\n\n\n\n<p>Jeune athl\u00e8te de 12ans, natif du karate club Laxou ALVH, est devenu vice-champion de France combat benjamin -40kg \u00e0 Bourg les P\u00e9ages le 11 mai 2024<\/p>\n\n\n\n<p>Une ann\u00e9e quasi parfaite compte tenu de ses nombreux r\u00e9sultats sur toute la saison 2023\/2024<\/p>\n\n\n\n<p>2\u00e8me \u00e0 l\u2019Open international du Luxembourg.&nbsp;<\/p>\n\n\n\n<p>Champion d\u00e9partemental et Grand Est (ne conc\u00e9dant aucun point \u00e0 ses adversaires).<\/p>\n\n\n\n<p>Vainqueur de l\u2019Open de Joeuf.<\/p>\n\n\n\n<p>2\u00e8me \u00e0 l\u2019Open International d\u2019Orl\u00e9ans.&nbsp;<\/p>\n\n\n\n<p>C\u2019est un jeune combattant d\u00e9terminer et appliqu\u00e9 doter d\u2019une belle allonge pour son \u00e2ge, cela augure de belles ann\u00e9es devant lui.&nbsp;<\/p>\n\n\n\n<p>MARC ANTOINE<\/p>\n\n\n\n<p>Jeune athl\u00e8te de 10ans d\u2019origine Meusienne&nbsp;<\/p>\n\n\n\n<p>Il est licenci\u00e9 au club depuis cette ann\u00e9e mais s\u2019entra\u00eene au sein du groupe depuis 3ans maintenant.&nbsp;<\/p>\n\n\n\n<p>Il d\u00e9croche une belle 3eme place au championnat de France combat pupille -35kg \u00e0 Lyon le 18 mai 2024.&nbsp;<\/p>\n\n\n\n<p>Il r\u00e9ussit \u00e0 faire lui aussi de bons r\u00e9sultats sur la saison 2023\/2024 :&nbsp;<\/p>\n\n\n\n<p>Vice-champion d\u00e9partemental&nbsp;<\/p>\n\n\n\n<p>Champion Grand Est 2eme division&nbsp;<\/p>\n\n\n\n<p>Vainqueur de l\u2019Open international d\u2019Orl\u00e9ans<\/p>\n\n\n\n<p>C\u2019est un jeune athl\u00e8te prometteur dot\u00e9 d\u2019une vitesse d\u2019ex\u00e9cution \u00e9tonnante pour son \u00e2ge, il doit maintenant r\u00e9ussir \u00e0 acqu\u00e9rir de la pr\u00e9cision et du mental afin de garder une constance dans ses r\u00e9sultats.\u00a0<\/p>\n\n\n<div class=\"wp-block-image\">\n<figure class=\"aligncenter size-large\"><a href=\"http:\/\/alvh.asso.fr\/wordpress\/wp-content\/uploads\/2024\/05\/IMG_22791-scaled.jpg\"><img loading=\"lazy\" decoding=\"async\" width=\"768\" height=\"1024\" src=\"http:\/\/alvh.asso.fr\/wordpress\/wp-content\/uploads\/2024\/05\/IMG_22791-768x1024.jpg\" alt=\"\" class=\"wp-image-3597\" srcset=\"https:\/\/alvh.asso.fr\/wordpress\/wp-content\/uploads\/2024\/05\/IMG_22791-768x1024.jpg 768w, https:\/\/alvh.asso.fr\/wordpress\/wp-content\/uploads\/2024\/05\/IMG_22791-225x300.jpg 225w, https:\/\/alvh.asso.fr\/wordpress\/wp-content\/uploads\/2024\/05\/IMG_22791-1152x1536.jpg 1152w, https:\/\/alvh.asso.fr\/wordpress\/wp-content\/uploads\/2024\/05\/IMG_22791-1536x2048.jpg 1536w, https:\/\/alvh.asso.fr\/wordpress\/wp-content\/uploads\/2024\/05\/IMG_22791-113x150.jpg 113w, https:\/\/alvh.asso.fr\/wordpress\/wp-content\/uploads\/2024\/05\/IMG_22791-scaled.jpg 1920w\" sizes=\"auto, (max-width: 768px) 100vw, 768px\" \/><\/a><figcaption class=\"wp-element-caption\"><strong><em>Nos deux m\u00e9daill\u00e9s et leur coach <\/em><\/strong><br> <\/figcaption><\/figure>\n<\/div>","protected":false},"excerpt":{"rendered":"<p>ABDALLAH DOUAIR Jeune athl\u00e8te de 12ans, natif du karate club Laxou ALVH, est devenu vice-champion de France combat benjamin -40kg \u00e0 Bourg les P\u00e9ages le 11 mai 2024 Une ann\u00e9e quasi parfaite compte tenu de ses nombreux r\u00e9sultats sur toute la saison 2023\/2024 2\u00e8me \u00e0 l\u2019Open international du Luxembourg.&nbsp; Champion\u2026<\/p>\n<p class=\"continue-reading-button\"> <a class=\"continue-reading-link\" href=\"https:\/\/alvh.asso.fr\/wordpress\/2024\/05\/23\/coupe-de-france-2023-2024-karate\/\">Lire l&rsquo;article<i class=\"crycon-right-dir\"><\/i><\/a><\/p>\n","protected":false},"author":5,"featured_media":0,"comment_status":"closed","ping_status":"closed","sticky":false,"template":"","format":"standard","meta":{"footnotes":""},"categories":[3],"tags":[],"class_list":["post-3595","post","type-post","status-publish","format-standard","hentry","category-infos-generales"],"_links":{"self":[{"href":"https:\/\/alvh.asso.fr\/wordpress\/wp-json\/wp\/v2\/posts\/3595","targetHints":{"allow":["GET"]}}],"collection":[{"href":"https:\/\/alvh.asso.fr\/wordpress\/wp-json\/wp\/v2\/posts"}],"about":[{"href":"https:\/\/alvh.asso.fr\/wordpress\/wp-json\/wp\/v2\/types\/post"}],"author":[{"embeddable":true,"href":"https:\/\/alvh.asso.fr\/wordpress\/wp-json\/wp\/v2\/users\/5"}],"replies":[{"embeddable":true,"href":"https:\/\/alvh.asso.fr\/wordpress\/wp-json\/wp\/v2\/comments?post=3595"}],"version-history":[{"count":1,"href":"https:\/\/alvh.asso.fr\/wordpress\/wp-json\/wp\/v2\/posts\/3595\/revisions"}],"predecessor-version":[{"id":3598,"href":"https:\/\/alvh.asso.fr\/wordpress\/wp-json\/wp\/v2\/posts\/3595\/revisions\/3598"}],"wp:attachment":[{"href":"https:\/\/alvh.asso.fr\/wordpress\/wp-json\/wp\/v2\/media?parent=3595"}],"wp:term":[{"taxonomy":"category","embeddable":true,"href":"https:\/\/alvh.asso.fr\/wordpress\/wp-json\/wp\/v2\/categories?post=3595"},{"taxonomy":"post_tag","embeddable":true,"href":"https:\/\/alvh.asso.fr\/wordpress\/wp-json\/wp\/v2\/tags?post=3595"}],"curies":[{"name":"wp","href":"https:\/\/api.w.org\/{rel}","templated":true}]}}