{"id":917,"date":"2019-11-10T05:57:03","date_gmt":"2019-11-10T04:57:03","guid":{"rendered":"http:\/\/alvh.asso.fr\/wordpress\/?p=917"},"modified":"2019-11-10T10:19:26","modified_gmt":"2019-11-10T09:19:26","slug":"changement-horaire-pilates-mardi","status":"publish","type":"post","link":"https:\/\/alvh.asso.fr\/wordpress\/2019\/11\/10\/changement-horaire-pilates-mardi\/","title":{"rendered":"Changement Exceptionnel Horaire et Lieu Pilates Mardi"},"content":{"rendered":"\n<p style=\"font-size:1px\" class=\"has-text-color has-very-dark-gray-color\"><strong><em>Les cours de Pilates des Mardis 19\/11, 26\/11 et 03\/12 qui se d\u00e9roulent habituellement au Gymnase Pergaud \u00e0 18h30 sont report\u00e9s aux Mercredis 20\/11, 27\/11 et 04\/12 au Gymase Victor Hugo \u00e0 18h30.<\/em><\/strong><\/p>\n","protected":false},"excerpt":{"rendered":"<p>Les cours de Pilates des Mardis 19\/11, 26\/11 et 03\/12 qui se d\u00e9roulent habituellement au Gymnase Pergaud \u00e0 18h30 sont report\u00e9s aux Mercredis 20\/11, 27\/11 et 04\/12 au Gymase Victor Hugo \u00e0 18h30.<\/p>\n<p class=\"continue-reading-button\"> <a class=\"continue-reading-link\" href=\"https:\/\/alvh.asso.fr\/wordpress\/2019\/11\/10\/changement-horaire-pilates-mardi\/\">Lire l&rsquo;article<i class=\"crycon-right-dir\"><\/i><\/a><\/p>\n","protected":false},"author":4,"featured_media":0,"comment_status":"closed","ping_status":"closed","sticky":false,"template":"","format":"standard","meta":{"footnotes":""},"categories":[3],"tags":[],"class_list":["post-917","post","type-post","status-publish","format-standard","hentry","category-infos-generales"],"_links":{"self":[{"href":"https:\/\/alvh.asso.fr\/wordpress\/wp-json\/wp\/v2\/posts\/917","targetHints":{"allow":["GET"]}}],"collection":[{"href":"https:\/\/alvh.asso.fr\/wordpress\/wp-json\/wp\/v2\/posts"}],"about":[{"href":"https:\/\/alvh.asso.fr\/wordpress\/wp-json\/wp\/v2\/types\/post"}],"author":[{"embeddable":true,"href":"https:\/\/alvh.asso.fr\/wordpress\/wp-json\/wp\/v2\/users\/4"}],"replies":[{"embeddable":true,"href":"https:\/\/alvh.asso.fr\/wordpress\/wp-json\/wp\/v2\/comments?post=917"}],"version-history":[{"count":8,"href":"https:\/\/alvh.asso.fr\/wordpress\/wp-json\/wp\/v2\/posts\/917\/revisions"}],"predecessor-version":[{"id":925,"href":"https:\/\/alvh.asso.fr\/wordpress\/wp-json\/wp\/v2\/posts\/917\/revisions\/925"}],"wp:attachment":[{"href":"https:\/\/alvh.asso.fr\/wordpress\/wp-json\/wp\/v2\/media?parent=917"}],"wp:term":[{"taxonomy":"category","embeddable":true,"href":"https:\/\/alvh.asso.fr\/wordpress\/wp-json\/wp\/v2\/categories?post=917"},{"taxonomy":"post_tag","embeddable":true,"href":"https:\/\/alvh.asso.fr\/wordpress\/wp-json\/wp\/v2\/tags?post=917"}],"curies":[{"name":"wp","href":"https:\/\/api.w.org\/{rel}","templated":true}]}}